{"dialog":[{"width":850,"content":"<div class=\"modal-header\">\r\n    <h5 class=\"modal-title\">\r\n        Partidos en Liga de <span>Francisco Javier Almansa Morcillo<\/span>    <\/h5>\r\n    <button type=\"button\" class=\"close\" data-dismiss=\"modal\" aria-label=\"Close\">\r\n        <span aria-hidden=\"true\">&times;<\/span>\r\n    <\/button>\r\n<\/div>\r\n<div class=\"modal-body p-0\">\r\n            <div id=\"participant-card\" class=\"card\">\r\n            <table class=\"table table-striped round-games table-full-width\">\r\n                <thead>\r\n                    <tr class=\"gradient-primary\">\r\n                                                                                <th class=\"text-right\">Local<\/th>\r\n                            <th class=\"text-center\">Resultado<\/th>\r\n                            <th class=\"\">Visitante<\/th>\r\n                            <th><\/th>\r\n                                            <\/tr>\r\n                <\/thead>\r\n                                    <tr class=\"\">\r\n                                                                            <td><div class=\"media media-players  text-right\" style=\"\"><div class=\"media-body players-names text-truncate\"><div class=\"player text-truncate-container h-osm-45p h-omd-45p h-oxs-35p d-block\"><div class=\"text-truncate-ellipsis\">Juan Gonzalez Soto<\/div><\/div><div class=\"player player2 text-truncate-container d-block mt-dmd-m15p\"><div class=\"text-truncate-ellipsis\">Nando Posadas<\/div><\/div><\/div><div class=\"d-lg-flex mr-0 mr0\"><div class=\"media-right hw-30p hw-sm-40p ml-3 \"><a class=\"image-popup\" href=\"\/media\/c\/c4\/c43\/c43e23e9588421e1b7cade7c650598bf_1625156708.\"><img class=\"img-fluid rounded-circle\" src=\"https:\/\/www.xporty.com\/media\/c\/c4\/c43\/c43e23e9588421e1b7cade7c650598bf_1625156708_50x50.\" alt=\"Juan Gonzalez Soto\" \/><\/a><\/div><div class=\"media-right media2 hw-30p hw-sm-40p mt-dmd-m15p ml-lg-m10p ml-3 \"><a class=\"image-popup\" href=\"\/media\/a\/ac\/ac3\/ac339975e0c4ef96c3436de63372d8d3_1624917445.jpeg\"><img class=\"img-fluid rounded-circle\" src=\"https:\/\/www.xporty.com\/media\/a\/ac\/ac3\/ac339975e0c4ef96c3436de63372d8d3_1624917445_50x50.jpeg\" alt=\"Nando Posadas\" \/><\/a><\/div><\/div><\/div><\/td>\r\n                            <td class=\"text-center\">\r\n                                <span class=\"badge badge-secondary font-weight-normal\">\r\n                                    6<sup>4<\/sup>-7<sup>7<\/sup> | 6-3 | 7<sup>7<\/sup>-6<sup>1<\/sup>                                <\/span>\r\n                                <div class=\"mt-2 text-muted\">\r\n                                    14\/07\/2021 18:30                                <\/div>\r\n                                                                    Jornada 1                                                            <\/td>\r\n                            <td>\r\n                                <div class=\"media media-players \" style=\"\"><div class=\"d-lg-flex mr-0 mr0\"><div class=\"media-left hw-30p hw-sm-40p \"><a class=\"image-popup\" href=\"\/media\/2\/27\/271\/2711f357f37d4b7a45eb337b97f470b4_1625093443.\"><img class=\"img-fluid rounded-circle\" src=\"https:\/\/www.xporty.com\/media\/2\/27\/271\/2711f357f37d4b7a45eb337b97f470b4_1625093443_50x50.\" alt=\"Francisco Javier Almansa Morcillo\" \/><\/a><\/div><div class=\"media-left media2 hw-30p hw-sm-40p mt-dmd-m15p ml-lg-m10p mr-3 \"><a class=\"image-popup\" href=\"\/media\/c\/cc\/cc5\/cc511a8aea8592094a616b35d0131b13_1625072633.\"><img class=\"img-fluid rounded-circle\" src=\"https:\/\/www.xporty.com\/media\/c\/cc\/cc5\/cc511a8aea8592094a616b35d0131b13_1625072633_50x50.\" alt=\"Antonio P\u00e9rez Gonz\u00e1lez \" \/><\/a><\/div><\/div><div class=\"media-body players-names text-truncate\"><div class=\"player text-truncate-container h-osm-45p h-omd-45p h-oxs-35p d-block\"><div class=\"text-truncate-ellipsis\">Francisco Javier Almansa Morcillo<\/div><\/div><div class=\"player player2 text-truncate-container d-block mt-dmd-m15p\"><div class=\"text-truncate-ellipsis\">Antonio P\u00e9rez Gonz\u00e1lez <\/div><\/div><\/div><\/div>                            <\/td>\r\n                                                <td style=\"width:10%;\">\r\n                            <a href=\"\/tournaments\/1354023-ii-liga-villacarrillo-smashpadel\/events\/1355243\/rounds\/1360880\/games\/1363538\/view\"><i class=\"fa fa-chevron-circle-right fa-2x \"><\/i> <\/a>                        <\/td>\r\n                    <\/tr>\r\n                                    <tr class=\"\">\r\n                                                                            <td><div class=\"media media-players  text-right\" style=\"\"><div class=\"media-body players-names text-truncate\"><div class=\"player text-truncate-container h-osm-45p h-omd-45p h-oxs-35p d-block\"><div class=\"text-truncate-ellipsis\">Miguel \u00c1ngel S\u00e1nchez L\u00f3pez<\/div><\/div><div class=\"player player2 text-truncate-container d-block mt-dmd-m15p\"><div class=\"text-truncate-ellipsis\">Blas M. Jimenez<\/div><\/div><\/div><div class=\"d-lg-flex mr-0 mr0\"><div class=\"media-right hw-30p hw-sm-40p ml-3 \"><a class=\"image-popup\" href=\"\/media\/f\/f8\/f86\/f86b5e4ae9e00ee9e81dc01298f2d1df_1625074582.jpg\"><img class=\"img-fluid rounded-circle\" src=\"https:\/\/www.xporty.com\/media\/f\/f8\/f86\/f86b5e4ae9e00ee9e81dc01298f2d1df_1625074582_50x50.jpg\" alt=\"Miguel \u00c1ngel S\u00e1nchez L\u00f3pez\" \/><\/a><\/div><div class=\"media-right media2 hw-30p hw-sm-40p mt-dmd-m15p ml-lg-m10p ml-3 \"><a class=\"image-popup\" href=\"\/media\/3\/3c\/3c2\/3c22518c32b90b0e3c0cdd42fc3f16be_1553025115.jpg\"><img class=\"img-fluid rounded-circle\" src=\"https:\/\/www.xporty.com\/media\/3\/3c\/3c2\/3c22518c32b90b0e3c0cdd42fc3f16be_1553025115_50x50.jpg\" alt=\"Blas M. Jimenez\" \/><\/a><\/div><\/div><\/div><\/td>\r\n                            <td class=\"text-center\">\r\n                                <span class=\"badge badge-secondary font-weight-normal\">\r\n                                    6-1 | 6-3                                <\/span>\r\n                                <div class=\"mt-2 text-muted\">\r\n                                    12\/07\/2021 21:30                                <\/div>\r\n                                                                    Jornada 2                                                            <\/td>\r\n                            <td>\r\n                                <div class=\"media media-players \" style=\"\"><div class=\"d-lg-flex mr-0 mr0\"><div class=\"media-left hw-30p hw-sm-40p \"><a class=\"image-popup\" href=\"\/media\/8\/8c\/8ca\/8caf45ec21522041a59244832361cf60_1625076160.\"><img class=\"img-fluid rounded-circle\" src=\"https:\/\/www.xporty.com\/media\/8\/8c\/8ca\/8caf45ec21522041a59244832361cf60_1625076160_50x50.\" alt=\"Francisco  Pulido Diaz\" \/><\/a><\/div><div class=\"media-left media2 hw-30p hw-sm-40p mt-dmd-m15p ml-lg-m10p mr-3 \"><a class=\"image-popup\" href=\"\/media\/2\/27\/271\/2711f357f37d4b7a45eb337b97f470b4_1625093443.\"><img class=\"img-fluid rounded-circle\" src=\"https:\/\/www.xporty.com\/media\/2\/27\/271\/2711f357f37d4b7a45eb337b97f470b4_1625093443_50x50.\" alt=\"Francisco Javier Almansa Morcillo\" \/><\/a><\/div><\/div><div class=\"media-body players-names text-truncate\"><div class=\"player text-truncate-container h-osm-45p h-omd-45p h-oxs-35p d-block\"><div class=\"text-truncate-ellipsis\">Francisco  Pulido Diaz<\/div><\/div><div class=\"player player2 text-truncate-container d-block mt-dmd-m15p\"><div class=\"text-truncate-ellipsis\">Francisco Javier Almansa Morcillo<\/div><\/div><\/div><\/div>                            <\/td>\r\n                                                <td style=\"width:10%;\">\r\n                            <a href=\"\/tournaments\/1354023-ii-liga-villacarrillo-smashpadel\/events\/1355243\/rounds\/1360880\/games\/1363555\/view\"><i class=\"fa fa-chevron-circle-right fa-2x \"><\/i> <\/a>                        <\/td>\r\n                    <\/tr>\r\n                                    <tr class=\"\">\r\n                                                                            <td><div class=\"media media-players  text-right\" style=\"\"><div class=\"media-body players-names text-truncate\"><div class=\"player text-truncate-container h-osm-45p h-omd-45p h-oxs-35p d-block\"><div class=\"text-truncate-ellipsis\">Francisco Javier Requena Mart\u00ednez<\/div><\/div><div class=\"player player2 text-truncate-container d-block mt-dmd-m15p\"><div class=\"text-truncate-ellipsis\">Francisco Javier Almansa Morcillo<\/div><\/div><\/div><div class=\"d-lg-flex mr-0 mr0\"><div class=\"media-right hw-30p hw-sm-40p ml-3 \"><a class=\"image-popup\" href=\"\/media\/a\/a7\/a76\/a7695bcdde2749349c0e3a97d240190a_1560258517.jpg\"><img class=\"img-fluid rounded-circle\" src=\"https:\/\/www.xporty.com\/media\/a\/a7\/a76\/a7695bcdde2749349c0e3a97d240190a_1560258517_50x50.jpg\" alt=\"Francisco Javier Requena Mart\u00ednez\" \/><\/a><\/div><div class=\"media-right media2 hw-30p hw-sm-40p mt-dmd-m15p ml-lg-m10p ml-3 \"><a class=\"image-popup\" href=\"\/media\/2\/27\/271\/2711f357f37d4b7a45eb337b97f470b4_1625093443.\"><img class=\"img-fluid rounded-circle\" src=\"https:\/\/www.xporty.com\/media\/2\/27\/271\/2711f357f37d4b7a45eb337b97f470b4_1625093443_50x50.\" alt=\"Francisco Javier Almansa Morcillo\" \/><\/a><\/div><\/div><\/div><\/td>\r\n                            <td class=\"text-center\">\r\n                                <span class=\"badge badge-secondary font-weight-normal\">\r\n                                    6-1 | 6-0                                <\/span>\r\n                                <div class=\"mt-2 text-muted\">\r\n                                    13\/07\/2021 20:00                                <\/div>\r\n                                                                    Jornada 3                                                            <\/td>\r\n                            <td>\r\n                                <div class=\"media media-players \" style=\"\"><div class=\"d-lg-flex mr-0 mr0\"><div class=\"media-left hw-30p hw-sm-40p \"><a class=\"image-popup\" href=\"\/media\/f\/fd\/fd4\/fd43ad01269bb04b9dda6d988b61483b_1624949838.\"><img class=\"img-fluid rounded-circle\" src=\"https:\/\/www.xporty.com\/media\/f\/fd\/fd4\/fd43ad01269bb04b9dda6d988b61483b_1624949838_50x50.\" alt=\"Raul Chory \" \/><\/a><\/div><div class=\"media-left media2 hw-30p hw-sm-40p mt-dmd-m15p ml-lg-m10p mr-3 \"><a class=\"image-popup\" href=\"\/media\/defaults\/avatars\/F.png\"><img class=\"img-fluid rounded-circle\" src=\"https:\/\/www.xporty.com\/media\/defaults\/F_50x50.png\" alt=\"Fernando Mart\u00ednez Moreno\" \/><\/a><\/div><\/div><div class=\"media-body players-names text-truncate\"><div class=\"player text-truncate-container h-osm-45p h-omd-45p h-oxs-35p d-block\"><div class=\"text-truncate-ellipsis\">Raul Chory <\/div><\/div><div class=\"player player2 text-truncate-container d-block mt-dmd-m15p\"><div class=\"text-truncate-ellipsis\">Fernando Mart\u00ednez Moreno<\/div><\/div><\/div><\/div>                            <\/td>\r\n                                                <td style=\"width:10%;\">\r\n                            <a href=\"\/tournaments\/1354023-ii-liga-villacarrillo-smashpadel\/events\/1355243\/rounds\/1360880\/games\/1363565\/view\"><i class=\"fa fa-chevron-circle-right fa-2x \"><\/i> <\/a>                        <\/td>\r\n                    <\/tr>\r\n                                    <tr class=\"\">\r\n                                                                            <td><div class=\"media media-players  text-right\" style=\"\"><div class=\"media-body players-names text-truncate\"><div class=\"player text-truncate-container h-osm-45p h-omd-45p h-oxs-35p d-block\"><div class=\"text-truncate-ellipsis\">Juanjo Alameda<\/div><\/div><div class=\"player player2 text-truncate-container d-block mt-dmd-m15p\"><div class=\"text-truncate-ellipsis\">Mart\u00edn Montoro Medrano <\/div><\/div><\/div><div class=\"d-lg-flex mr-0 mr0\"><div class=\"media-right hw-30p hw-sm-40p ml-3 \"><a class=\"image-popup\" href=\"\/media\/5\/50\/50f\/50f67b03d3724fbee2f4b7ff50b92306_1626874848.\"><img class=\"img-fluid rounded-circle\" src=\"https:\/\/www.xporty.com\/media\/5\/50\/50f\/50f67b03d3724fbee2f4b7ff50b92306_1626874848_50x50.\" alt=\"Juanjo Alameda\" \/><\/a><\/div><div class=\"media-right media2 hw-30p hw-sm-40p mt-dmd-m15p ml-lg-m10p ml-3 \"><a class=\"image-popup\" href=\"\/media\/0\/06\/06b\/06bc2c457a3c6355663e5937ce61caf0_1554256672.jpg\"><img class=\"img-fluid rounded-circle\" src=\"https:\/\/www.xporty.com\/media\/0\/06\/06b\/06bc2c457a3c6355663e5937ce61caf0_1554256672_50x50.jpg\" alt=\"Mart\u00edn Montoro Medrano \" \/><\/a><\/div><\/div><\/div><\/td>\r\n                            <td class=\"text-center\">\r\n                                <span class=\"badge badge-secondary font-weight-normal\">\r\n                                    3-6 | 6-0 | 6-0                                <\/span>\r\n                                <div class=\"mt-2 text-muted\">\r\n                                    26\/07\/2021 21:30                                <\/div>\r\n                                                                    Jornada 4                                                            <\/td>\r\n                            <td>\r\n                                <div class=\"media media-players \" style=\"\"><div class=\"d-lg-flex mr-0 mr0\"><div class=\"media-left hw-30p hw-sm-40p \"><a class=\"image-popup\" href=\"\/media\/2\/27\/271\/2711f357f37d4b7a45eb337b97f470b4_1625093443.\"><img class=\"img-fluid rounded-circle\" src=\"https:\/\/www.xporty.com\/media\/2\/27\/271\/2711f357f37d4b7a45eb337b97f470b4_1625093443_50x50.\" alt=\"Francisco Javier Almansa Morcillo\" \/><\/a><\/div><div class=\"media-left media2 hw-30p hw-sm-40p mt-dmd-m15p ml-lg-m10p mr-3 \"><a class=\"image-popup\" href=\"\/media\/d\/d4\/d42\/d429f0a8fecd1393f672e4345b713464_1624888405.\"><img class=\"img-fluid rounded-circle\" src=\"https:\/\/www.xporty.com\/media\/d\/d4\/d42\/d429f0a8fecd1393f672e4345b713464_1624888405_50x50.\" alt=\"Juan Antonio Martinez Manzano\" \/><\/a><\/div><\/div><div class=\"media-body players-names text-truncate\"><div class=\"player text-truncate-container h-osm-45p h-omd-45p h-oxs-35p d-block\"><div class=\"text-truncate-ellipsis\">Francisco Javier Almansa Morcillo<\/div><\/div><div class=\"player player2 text-truncate-container d-block mt-dmd-m15p\"><div class=\"text-truncate-ellipsis\">Juan Antonio Martinez Manzano<\/div><\/div><\/div><\/div>                            <\/td>\r\n                                                <td style=\"width:10%;\">\r\n                            <a href=\"\/tournaments\/1354023-ii-liga-villacarrillo-smashpadel\/events\/1355243\/rounds\/1360880\/games\/1363580\/view\"><i class=\"fa fa-chevron-circle-right fa-2x \"><\/i> <\/a>                        <\/td>\r\n                    <\/tr>\r\n                                    <tr class=\"\">\r\n                                                                            <td><div class=\"media media-players  text-right\" style=\"\"><div class=\"media-body players-names text-truncate\"><div class=\"player text-truncate-container h-osm-45p h-omd-45p h-oxs-35p d-block\"><div class=\"text-truncate-ellipsis\">Juan Palomares Corencia <\/div><\/div><div class=\"player player2 text-truncate-container d-block mt-dmd-m15p\"><div class=\"text-truncate-ellipsis\">Francisco Javier Almansa Morcillo<\/div><\/div><\/div><div class=\"d-lg-flex mr-0 mr0\"><div class=\"media-right hw-30p hw-sm-40p ml-3 \"><a class=\"image-popup\" href=\"\/media\/0\/00\/00c\/00c5d2a8f7d17c808fbd09cf7197b6d7_1624912105.\"><img class=\"img-fluid rounded-circle\" src=\"https:\/\/www.xporty.com\/media\/0\/00\/00c\/00c5d2a8f7d17c808fbd09cf7197b6d7_1624912105_50x50.\" alt=\"Juan Palomares Corencia \" \/><\/a><\/div><div class=\"media-right media2 hw-30p hw-sm-40p mt-dmd-m15p ml-lg-m10p ml-3 \"><a class=\"image-popup\" href=\"\/media\/2\/27\/271\/2711f357f37d4b7a45eb337b97f470b4_1625093443.\"><img class=\"img-fluid rounded-circle\" src=\"https:\/\/www.xporty.com\/media\/2\/27\/271\/2711f357f37d4b7a45eb337b97f470b4_1625093443_50x50.\" alt=\"Francisco Javier Almansa Morcillo\" \/><\/a><\/div><\/div><\/div><\/td>\r\n                            <td class=\"text-center\">\r\n                                <span class=\"badge badge-secondary font-weight-normal\">\r\n                                    6-1 | 6-1                                <\/span>\r\n                                <div class=\"mt-2 text-muted\">\r\n                                    -                                <\/div>\r\n                                                                    Jornada 5                                                            <\/td>\r\n                            <td>\r\n                                <div class=\"media media-players \" style=\"\"><div class=\"d-lg-flex mr-0 mr0\"><div class=\"media-left hw-30p hw-sm-40p \"><a class=\"image-popup\" href=\"\/media\/defaults\/avatars\/R.png\"><img class=\"img-fluid rounded-circle\" src=\"https:\/\/www.xporty.com\/media\/defaults\/R_50x50.png\" alt=\"Rafael Felix Moreno\" \/><\/a><\/div><div class=\"media-left media2 hw-30p hw-sm-40p mt-dmd-m15p ml-lg-m10p mr-3 \"><a class=\"image-popup\" href=\"\/media\/defaults\/avatars\/F.png\"><img class=\"img-fluid rounded-circle\" src=\"https:\/\/www.xporty.com\/media\/defaults\/F_50x50.png\" alt=\"Fernando Mart\u00ednez Moreno\" \/><\/a><\/div><\/div><div class=\"media-body players-names text-truncate\"><div class=\"player text-truncate-container h-osm-45p h-omd-45p h-oxs-35p d-block\"><div class=\"text-truncate-ellipsis\">Rafael Felix Moreno<\/div><\/div><div class=\"player player2 text-truncate-container d-block mt-dmd-m15p\"><div class=\"text-truncate-ellipsis\">Fernando Mart\u00ednez Moreno<\/div><\/div><\/div><\/div>                            <\/td>\r\n                                                <td style=\"width:10%;\">\r\n                            <a href=\"\/tournaments\/1354023-ii-liga-villacarrillo-smashpadel\/events\/1355243\/rounds\/1360880\/games\/1363588\/view\"><i class=\"fa fa-chevron-circle-right fa-2x \"><\/i> <\/a>                        <\/td>\r\n                    <\/tr>\r\n                                    <tr class=\"\">\r\n                                                                            <td><div class=\"media media-players  text-right\" style=\"\"><div class=\"media-body players-names text-truncate\"><div class=\"player text-truncate-container h-osm-45p h-omd-45p h-oxs-35p d-block\"><div class=\"text-truncate-ellipsis\">Francisco Javier Almansa Morcillo<\/div><\/div><div class=\"player player2 text-truncate-container d-block mt-dmd-m15p\"><div class=\"text-truncate-ellipsis\">Patricio Delgado Martinez<\/div><\/div><\/div><div class=\"d-lg-flex mr-0 mr0\"><div class=\"media-right hw-30p hw-sm-40p ml-3 \"><a class=\"image-popup\" href=\"\/media\/2\/27\/271\/2711f357f37d4b7a45eb337b97f470b4_1625093443.\"><img class=\"img-fluid rounded-circle\" src=\"https:\/\/www.xporty.com\/media\/2\/27\/271\/2711f357f37d4b7a45eb337b97f470b4_1625093443_50x50.\" alt=\"Francisco Javier Almansa Morcillo\" \/><\/a><\/div><div class=\"media-right media2 hw-30p hw-sm-40p mt-dmd-m15p ml-lg-m10p ml-3 \"><a class=\"image-popup\" href=\"\/media\/defaults\/avatars\/P.png\"><img class=\"img-fluid rounded-circle\" src=\"https:\/\/www.xporty.com\/media\/defaults\/P_50x50.png\" alt=\"Patricio Delgado Martinez\" \/><\/a><\/div><\/div><\/div><\/td>\r\n                            <td class=\"text-center\">\r\n                                <span class=\"badge badge-secondary font-weight-normal\">\r\n                                    3-6 | 3-6                                <\/span>\r\n                                <div class=\"mt-2 text-muted\">\r\n                                    -                                <\/div>\r\n                                                                    Jornada 6                                                            <\/td>\r\n                            <td>\r\n                                <div class=\"media media-players \" style=\"\"><div class=\"d-lg-flex mr-0 mr0\"><div class=\"media-left hw-30p hw-sm-40p \"><a class=\"image-popup\" href=\"\/media\/8\/8c\/8ca\/8caf45ec21522041a59244832361cf60_1625076160.\"><img class=\"img-fluid rounded-circle\" src=\"https:\/\/www.xporty.com\/media\/8\/8c\/8ca\/8caf45ec21522041a59244832361cf60_1625076160_50x50.\" alt=\"Francisco  Pulido Diaz\" \/><\/a><\/div><div class=\"media-left media2 hw-30p hw-sm-40p mt-dmd-m15p ml-lg-m10p mr-3 \"><a class=\"image-popup\" href=\"\/media\/c\/cc\/cc5\/cc511a8aea8592094a616b35d0131b13_1625072633.\"><img class=\"img-fluid rounded-circle\" src=\"https:\/\/www.xporty.com\/media\/c\/cc\/cc5\/cc511a8aea8592094a616b35d0131b13_1625072633_50x50.\" alt=\"Antonio P\u00e9rez Gonz\u00e1lez \" \/><\/a><\/div><\/div><div class=\"media-body players-names text-truncate\"><div class=\"player text-truncate-container h-osm-45p h-omd-45p h-oxs-35p d-block\"><div class=\"text-truncate-ellipsis\">Francisco  Pulido Diaz<\/div><\/div><div class=\"player player2 text-truncate-container d-block mt-dmd-m15p\"><div class=\"text-truncate-ellipsis\">Antonio P\u00e9rez Gonz\u00e1lez <\/div><\/div><\/div><\/div>                            <\/td>\r\n                                                <td style=\"width:10%;\">\r\n                            <a href=\"\/tournaments\/1354023-ii-liga-villacarrillo-smashpadel\/events\/1355243\/rounds\/1360880\/games\/1363608\/view\"><i class=\"fa fa-chevron-circle-right fa-2x \"><\/i> <\/a>                        <\/td>\r\n                    <\/tr>\r\n                                    <tr class=\"\">\r\n                                                                            <td><div class=\"media media-players  text-right\" style=\"\"><div class=\"media-body players-names text-truncate\"><div class=\"player text-truncate-container h-osm-45p h-omd-45p h-oxs-35p d-block\"><div class=\"text-truncate-ellipsis\">Francisco Javier Almansa Morcillo<\/div><\/div><div class=\"player player2 text-truncate-container d-block mt-dmd-m15p\"><div class=\"text-truncate-ellipsis\">Javier De La Hoz<\/div><\/div><\/div><div class=\"d-lg-flex mr-0 mr0\"><div class=\"media-right hw-30p hw-sm-40p ml-3 \"><a class=\"image-popup\" href=\"\/media\/2\/27\/271\/2711f357f37d4b7a45eb337b97f470b4_1625093443.\"><img class=\"img-fluid rounded-circle\" src=\"https:\/\/www.xporty.com\/media\/2\/27\/271\/2711f357f37d4b7a45eb337b97f470b4_1625093443_50x50.\" alt=\"Francisco Javier Almansa Morcillo\" \/><\/a><\/div><div class=\"media-right media2 hw-30p hw-sm-40p mt-dmd-m15p ml-lg-m10p ml-3 \"><a class=\"image-popup\" href=\"\/media\/b\/b4\/b49\/b49f2ca61e60ec0d8c482790efc3cc48_1629206416.\"><img class=\"img-fluid rounded-circle\" src=\"https:\/\/www.xporty.com\/media\/b\/b4\/b49\/b49f2ca61e60ec0d8c482790efc3cc48_1629206416_50x50.\" alt=\"Javier De La Hoz\" \/><\/a><\/div><\/div><\/div><\/td>\r\n                            <td class=\"text-center\">\r\n                                <span class=\"badge badge-secondary font-weight-normal\">\r\n                                    4-6 | 5-7                                <\/span>\r\n                                <div class=\"mt-2 text-muted\">\r\n                                    23\/08\/2021 21:30                                <\/div>\r\n                                                                    Jornada 8                                                            <\/td>\r\n                            <td>\r\n                                <div class=\"media media-players \" style=\"\"><div class=\"d-lg-flex mr-0 mr0\"><div class=\"media-left hw-30p hw-sm-40p \"><a class=\"image-popup\" href=\"\/media\/3\/34\/34e\/34e0dd08ae14ddebd38b7194167645a1_1683300651.\"><img class=\"img-fluid rounded-circle\" src=\"https:\/\/www.xporty.com\/media\/3\/34\/34e\/34e0dd08ae14ddebd38b7194167645a1_1683300651_50x50.\" alt=\"Juan Carlos Quesada Mar\u00edn\" \/><\/a><\/div><div class=\"media-left media2 hw-30p hw-sm-40p mt-dmd-m15p ml-lg-m10p mr-3 \"><a class=\"image-popup\" href=\"\/media\/defaults\/avatars\/C.png\"><img class=\"img-fluid rounded-circle\" src=\"https:\/\/www.xporty.com\/media\/defaults\/C_50x50.png\" alt=\"Carlos  Rodr\u00edguez \" \/><\/a><\/div><\/div><div class=\"media-body players-names text-truncate\"><div class=\"player text-truncate-container h-osm-45p h-omd-45p h-oxs-35p d-block\"><div class=\"text-truncate-ellipsis\">Juan Carlos Quesada Mar\u00edn<\/div><\/div><div class=\"player player2 text-truncate-container d-block mt-dmd-m15p\"><div class=\"text-truncate-ellipsis\">Carlos  Rodr\u00edguez <\/div><\/div><\/div><\/div>                            <\/td>\r\n                                                <td style=\"width:10%;\">\r\n                            <a href=\"\/tournaments\/1354023-ii-liga-villacarrillo-smashpadel\/events\/1355243\/rounds\/1360880\/games\/1363624\/view\"><i class=\"fa fa-chevron-circle-right fa-2x \"><\/i> <\/a>                        <\/td>\r\n                    <\/tr>\r\n                            <\/table>\r\n\r\n        <\/div>\r\n\r\n    <\/div>\r\n<div class=\"modal-footer\">\r\n    <div class=\"float-left\">\r\n        <a class=\"btn btn-light ajaxLinkLoading\" href=\"\/tournaments\/1354023-ii-liga-villacarrillo-smashpadel\/participants\/viewCard?p_id=1355487&amp;e_id=1355243\"><i class=\"fa fa-bar-chart \"><\/i> Estad\u00edsticas<\/a>    <\/div>\r\n    <button class=\"btn btn-light\" data-dismiss=\"modal\"\r\n        aria-hidden=\"true\">Cerrar<\/button>\r\n<\/div>","dialog_id":"tp-round-games","send_ajax":1,"url_ajax":"\/tournaments\/1354023-ii-liga-villacarrillo-smashpadel\/events\/1355243\/rounds\/1360880\/standings\/showParticipantGames?finished=1&p_id=1355487"}]}