{"dialog":[{"width":850,"content":"<div class=\"modal-header\">\r\n    <h5 class=\"modal-title\">\r\n        Partidos en Liga de <span>Blas M. Jimenez<\/span>    <\/h5>\r\n    <button type=\"button\" class=\"close\" data-dismiss=\"modal\" aria-label=\"Close\">\r\n        <span aria-hidden=\"true\">&times;<\/span>\r\n    <\/button>\r\n<\/div>\r\n<div class=\"modal-body p-0\">\r\n            <div id=\"participant-card\" class=\"card\">\r\n            <table class=\"table table-striped round-games table-full-width\">\r\n                <thead>\r\n                    <tr class=\"gradient-primary\">\r\n                                                                                <th class=\"text-right\">Local<\/th>\r\n                            <th class=\"text-center\">Resultado<\/th>\r\n                            <th class=\"\">Visitante<\/th>\r\n                            <th><\/th>\r\n                                            <\/tr>\r\n                <\/thead>\r\n                                    <tr class=\"\">\r\n                                                                            <td><div class=\"media media-players  text-right\" style=\"\"><div class=\"media-body players-names text-truncate\"><div class=\"player text-truncate-container h-osm-45p h-omd-45p h-oxs-35p d-block\"><div class=\"text-truncate-ellipsis\">Tomas Perez<\/div><\/div><div class=\"player player2 text-truncate-container d-block mt-dmd-m15p\"><div class=\"text-truncate-ellipsis\">Blas M. Jimenez<\/div><\/div><\/div><div class=\"d-lg-flex mr-0 mr0\"><div class=\"media-right hw-30p hw-sm-40p ml-3 \"><a class=\"image-popup\" href=\"\/media\/9\/98\/98d\/98d701d7d488ce41c111e5f4f34101e3_1629234182.\"><img class=\"img-fluid rounded-circle\" src=\"https:\/\/www.xporty.com\/media\/9\/98\/98d\/98d701d7d488ce41c111e5f4f34101e3_1629234182_50x50.\" alt=\"Tomas Perez\" \/><\/a><\/div><div class=\"media-right media2 hw-30p hw-sm-40p mt-dmd-m15p ml-lg-m10p ml-3 \"><a class=\"image-popup\" href=\"\/media\/3\/3c\/3c2\/3c22518c32b90b0e3c0cdd42fc3f16be_1553025115.jpg\"><img class=\"img-fluid rounded-circle\" src=\"https:\/\/www.xporty.com\/media\/3\/3c\/3c2\/3c22518c32b90b0e3c0cdd42fc3f16be_1553025115_50x50.jpg\" alt=\"Blas M. Jimenez\" \/><\/a><\/div><\/div><\/div><\/td>\r\n                            <td class=\"text-center\">\r\n                                <span class=\"badge badge-secondary font-weight-normal\">\r\n                                    1-6 | 4-6                                <\/span>\r\n                                <div class=\"mt-2 text-muted\">\r\n                                    15\/07\/2021 21:30                                <\/div>\r\n                                                                    Jornada 1                                                            <\/td>\r\n                            <td>\r\n                                <div class=\"media media-players \" style=\"\"><div class=\"d-lg-flex mr-0 mr0\"><div class=\"media-left hw-30p hw-sm-40p \"><a class=\"image-popup\" href=\"\/media\/9\/93\/93e\/93e8e1bd7555b0a8610773562af028ef_1625176613.\"><img class=\"img-fluid rounded-circle\" src=\"https:\/\/www.xporty.com\/media\/9\/93\/93e\/93e8e1bd7555b0a8610773562af028ef_1625176613_50x50.\" alt=\"Juan De La Torre Corencia\" \/><\/a><\/div><div class=\"media-left media2 hw-30p hw-sm-40p mt-dmd-m15p ml-lg-m10p mr-3 \"><a class=\"image-popup\" href=\"\/media\/8\/8c\/8c6\/8c6b0fdcb533886bc4da19a5442dbc04_1624919871.png\"><img class=\"img-fluid rounded-circle\" src=\"https:\/\/www.xporty.com\/media\/8\/8c\/8c6\/8c6b0fdcb533886bc4da19a5442dbc04_1624919871_50x50.png\" alt=\"Antonio Miguel Ruiz Jimenez\" \/><\/a><\/div><\/div><div class=\"media-body players-names text-truncate\"><div class=\"player text-truncate-container h-osm-45p h-omd-45p h-oxs-35p d-block\"><div class=\"text-truncate-ellipsis\">Juan De La Torre Corencia<\/div><\/div><div class=\"player player2 text-truncate-container d-block mt-dmd-m15p\"><div class=\"text-truncate-ellipsis\">Antonio Miguel Ruiz Jimenez<\/div><\/div><\/div><\/div>                            <\/td>\r\n                                                <td style=\"width:10%;\">\r\n                            <a href=\"\/tournaments\/1354023-ii-liga-villacarrillo-smashpadel\/events\/1355243\/rounds\/1360880\/games\/1363542\/view\"><i class=\"fa fa-chevron-circle-right fa-2x \"><\/i> <\/a>                        <\/td>\r\n                    <\/tr>\r\n                                    <tr class=\"\">\r\n                                                                            <td><div class=\"media media-players  text-right\" style=\"\"><div class=\"media-body players-names text-truncate\"><div class=\"player text-truncate-container h-osm-45p h-omd-45p h-oxs-35p d-block\"><div class=\"text-truncate-ellipsis\">Miguel \u00c1ngel S\u00e1nchez L\u00f3pez<\/div><\/div><div class=\"player player2 text-truncate-container d-block mt-dmd-m15p\"><div class=\"text-truncate-ellipsis\">Blas M. Jimenez<\/div><\/div><\/div><div class=\"d-lg-flex mr-0 mr0\"><div class=\"media-right hw-30p hw-sm-40p ml-3 \"><a class=\"image-popup\" href=\"\/media\/f\/f8\/f86\/f86b5e4ae9e00ee9e81dc01298f2d1df_1625074582.jpg\"><img class=\"img-fluid rounded-circle\" src=\"https:\/\/www.xporty.com\/media\/f\/f8\/f86\/f86b5e4ae9e00ee9e81dc01298f2d1df_1625074582_50x50.jpg\" alt=\"Miguel \u00c1ngel S\u00e1nchez L\u00f3pez\" \/><\/a><\/div><div class=\"media-right media2 hw-30p hw-sm-40p mt-dmd-m15p ml-lg-m10p ml-3 \"><a class=\"image-popup\" href=\"\/media\/3\/3c\/3c2\/3c22518c32b90b0e3c0cdd42fc3f16be_1553025115.jpg\"><img class=\"img-fluid rounded-circle\" src=\"https:\/\/www.xporty.com\/media\/3\/3c\/3c2\/3c22518c32b90b0e3c0cdd42fc3f16be_1553025115_50x50.jpg\" alt=\"Blas M. Jimenez\" \/><\/a><\/div><\/div><\/div><\/td>\r\n                            <td class=\"text-center\">\r\n                                <span class=\"badge badge-secondary font-weight-normal\">\r\n                                    6-1 | 6-3                                <\/span>\r\n                                <div class=\"mt-2 text-muted\">\r\n                                    12\/07\/2021 21:30                                <\/div>\r\n                                                                    Jornada 2                                                            <\/td>\r\n                            <td>\r\n                                <div class=\"media media-players \" style=\"\"><div class=\"d-lg-flex mr-0 mr0\"><div class=\"media-left hw-30p hw-sm-40p \"><a class=\"image-popup\" href=\"\/media\/8\/8c\/8ca\/8caf45ec21522041a59244832361cf60_1625076160.\"><img class=\"img-fluid rounded-circle\" src=\"https:\/\/www.xporty.com\/media\/8\/8c\/8ca\/8caf45ec21522041a59244832361cf60_1625076160_50x50.\" alt=\"Francisco  Pulido Diaz\" \/><\/a><\/div><div class=\"media-left media2 hw-30p hw-sm-40p mt-dmd-m15p ml-lg-m10p mr-3 \"><a class=\"image-popup\" href=\"\/media\/2\/27\/271\/2711f357f37d4b7a45eb337b97f470b4_1625093443.\"><img class=\"img-fluid rounded-circle\" src=\"https:\/\/www.xporty.com\/media\/2\/27\/271\/2711f357f37d4b7a45eb337b97f470b4_1625093443_50x50.\" alt=\"Francisco Javier Almansa Morcillo\" \/><\/a><\/div><\/div><div class=\"media-body players-names text-truncate\"><div class=\"player text-truncate-container h-osm-45p h-omd-45p h-oxs-35p d-block\"><div class=\"text-truncate-ellipsis\">Francisco  Pulido Diaz<\/div><\/div><div class=\"player player2 text-truncate-container d-block mt-dmd-m15p\"><div class=\"text-truncate-ellipsis\">Francisco Javier Almansa Morcillo<\/div><\/div><\/div><\/div>                            <\/td>\r\n                                                <td style=\"width:10%;\">\r\n                            <a href=\"\/tournaments\/1354023-ii-liga-villacarrillo-smashpadel\/events\/1355243\/rounds\/1360880\/games\/1363555\/view\"><i class=\"fa fa-chevron-circle-right fa-2x \"><\/i> <\/a>                        <\/td>\r\n                    <\/tr>\r\n                                    <tr class=\"\">\r\n                                                                            <td><div class=\"media media-players  text-right\" style=\"\"><div class=\"media-body players-names text-truncate\"><div class=\"player text-truncate-container h-osm-45p h-omd-45p h-oxs-35p d-block\"><div class=\"text-truncate-ellipsis\">Manuel Murillo <\/div><\/div><div class=\"player player2 text-truncate-container d-block mt-dmd-m15p\"><div class=\"text-truncate-ellipsis\">Cristobal Mataran Garrido<\/div><\/div><\/div><div class=\"d-lg-flex mr-0 mr0\"><div class=\"media-right hw-30p hw-sm-40p ml-3 \"><a class=\"image-popup\" href=\"\/media\/defaults\/avatars\/M.png\"><img class=\"img-fluid rounded-circle\" src=\"https:\/\/www.xporty.com\/media\/defaults\/M_50x50.png\" alt=\"Manuel Murillo \" \/><\/a><\/div><div class=\"media-right media2 hw-30p hw-sm-40p mt-dmd-m15p ml-lg-m10p ml-3 \"><a class=\"image-popup\" href=\"\/media\/1\/16\/167\/167914caa70785d78bbd421fed2997b1_1553695203.jpg\"><img class=\"img-fluid rounded-circle\" src=\"https:\/\/www.xporty.com\/media\/1\/16\/167\/167914caa70785d78bbd421fed2997b1_1553695203_50x50.jpg\" alt=\"Cristobal Mataran Garrido\" \/><\/a><\/div><\/div><\/div><\/td>\r\n                            <td class=\"text-center\">\r\n                                <span class=\"badge badge-secondary font-weight-normal\">\r\n                                    6-1 | 7-6                                <\/span>\r\n                                <div class=\"mt-2 text-muted\">\r\n                                    -                                <\/div>\r\n                                                                    Jornada 3                                                            <\/td>\r\n                            <td>\r\n                                <div class=\"media media-players \" style=\"\"><div class=\"d-lg-flex mr-0 mr0\"><div class=\"media-left hw-30p hw-sm-40p \"><a class=\"image-popup\" href=\"\/media\/defaults\/avatars\/P.png\"><img class=\"img-fluid rounded-circle\" src=\"https:\/\/www.xporty.com\/media\/defaults\/P_50x50.png\" alt=\"Patricio Delgado Martinez\" \/><\/a><\/div><div class=\"media-left media2 hw-30p hw-sm-40p mt-dmd-m15p ml-lg-m10p mr-3 \"><a class=\"image-popup\" href=\"\/media\/3\/3c\/3c2\/3c22518c32b90b0e3c0cdd42fc3f16be_1553025115.jpg\"><img class=\"img-fluid rounded-circle\" src=\"https:\/\/www.xporty.com\/media\/3\/3c\/3c2\/3c22518c32b90b0e3c0cdd42fc3f16be_1553025115_50x50.jpg\" alt=\"Blas M. Jimenez\" \/><\/a><\/div><\/div><div class=\"media-body players-names text-truncate\"><div class=\"player text-truncate-container h-osm-45p h-omd-45p h-oxs-35p d-block\"><div class=\"text-truncate-ellipsis\">Patricio Delgado Martinez<\/div><\/div><div class=\"player player2 text-truncate-container d-block mt-dmd-m15p\"><div class=\"text-truncate-ellipsis\">Blas M. Jimenez<\/div><\/div><\/div><\/div>                            <\/td>\r\n                                                <td style=\"width:10%;\">\r\n                            <a href=\"\/tournaments\/1354023-ii-liga-villacarrillo-smashpadel\/events\/1355243\/rounds\/1360880\/games\/1363566\/view\"><i class=\"fa fa-chevron-circle-right fa-2x \"><\/i> <\/a>                        <\/td>\r\n                    <\/tr>\r\n                                    <tr class=\"\">\r\n                                                                            <td><div class=\"media media-players  text-right\" style=\"\"><div class=\"media-body players-names text-truncate\"><div class=\"player text-truncate-container h-osm-45p h-omd-45p h-oxs-35p d-block\"><div class=\"text-truncate-ellipsis\">Juan Torres Guerrero<\/div><\/div><div class=\"player player2 text-truncate-container d-block mt-dmd-m15p\"><div class=\"text-truncate-ellipsis\">Blas M. Jimenez<\/div><\/div><\/div><div class=\"d-lg-flex mr-0 mr0\"><div class=\"media-right hw-30p hw-sm-40p ml-3 \"><a class=\"image-popup\" href=\"\/media\/defaults\/avatars\/J.png\"><img class=\"img-fluid rounded-circle\" src=\"https:\/\/www.xporty.com\/media\/defaults\/J_50x50.png\" alt=\"Juan Torres Guerrero\" \/><\/a><\/div><div class=\"media-right media2 hw-30p hw-sm-40p mt-dmd-m15p ml-lg-m10p ml-3 \"><a class=\"image-popup\" href=\"\/media\/3\/3c\/3c2\/3c22518c32b90b0e3c0cdd42fc3f16be_1553025115.jpg\"><img class=\"img-fluid rounded-circle\" src=\"https:\/\/www.xporty.com\/media\/3\/3c\/3c2\/3c22518c32b90b0e3c0cdd42fc3f16be_1553025115_50x50.jpg\" alt=\"Blas M. Jimenez\" \/><\/a><\/div><\/div><\/div><\/td>\r\n                            <td class=\"text-center\">\r\n                                <span class=\"badge badge-secondary font-weight-normal\">\r\n                                    2-6 | 0-6                                <\/span>\r\n                                <div class=\"mt-2 text-muted\">\r\n                                    05\/08\/2021 21:30                                <\/div>\r\n                                                                    Jornada 5                                                            <\/td>\r\n                            <td>\r\n                                <div class=\"media media-players \" style=\"\"><div class=\"d-lg-flex mr-0 mr0\"><div class=\"media-left hw-30p hw-sm-40p \"><a class=\"image-popup\" href=\"\/media\/d\/d5\/d5b\/d5ba5e2df9c7f795c0dfecccf3c6ce4b_1625079334.\"><img class=\"img-fluid rounded-circle\" src=\"https:\/\/www.xporty.com\/media\/d\/d5\/d5b\/d5ba5e2df9c7f795c0dfecccf3c6ce4b_1625079334_50x50.\" alt=\"Pablo Mart\u00ednez Carmona\" \/><\/a><\/div><div class=\"media-left media2 hw-30p hw-sm-40p mt-dmd-m15p ml-lg-m10p mr-3 \"><a class=\"image-popup\" href=\"\/media\/defaults\/avatars\/P.png\"><img class=\"img-fluid rounded-circle\" src=\"https:\/\/www.xporty.com\/media\/defaults\/P_50x50.png\" alt=\"Patricio Delgado Martinez\" \/><\/a><\/div><\/div><div class=\"media-body players-names text-truncate\"><div class=\"player text-truncate-container h-osm-45p h-omd-45p h-oxs-35p d-block\"><div class=\"text-truncate-ellipsis\">Pablo Mart\u00ednez Carmona<\/div><\/div><div class=\"player player2 text-truncate-container d-block mt-dmd-m15p\"><div class=\"text-truncate-ellipsis\">Patricio Delgado Martinez<\/div><\/div><\/div><\/div>                            <\/td>\r\n                                                <td style=\"width:10%;\">\r\n                            <a href=\"\/tournaments\/1354023-ii-liga-villacarrillo-smashpadel\/events\/1355243\/rounds\/1360880\/games\/1363592\/view\"><i class=\"fa fa-chevron-circle-right fa-2x \"><\/i> <\/a>                        <\/td>\r\n                    <\/tr>\r\n                                    <tr class=\"\">\r\n                                                                            <td><div class=\"media media-players  text-right\" style=\"\"><div class=\"media-body players-names text-truncate\"><div class=\"player text-truncate-container h-osm-45p h-omd-45p h-oxs-35p d-block\"><div class=\"text-truncate-ellipsis\">Blas M. Jimenez<\/div><\/div><div class=\"player player2 text-truncate-container d-block mt-dmd-m15p\"><div class=\"text-truncate-ellipsis\">Gonzalo Sanchez Maza<\/div><\/div><\/div><div class=\"d-lg-flex mr-0 mr0\"><div class=\"media-right hw-30p hw-sm-40p ml-3 \"><a class=\"image-popup\" href=\"\/media\/3\/3c\/3c2\/3c22518c32b90b0e3c0cdd42fc3f16be_1553025115.jpg\"><img class=\"img-fluid rounded-circle\" src=\"https:\/\/www.xporty.com\/media\/3\/3c\/3c2\/3c22518c32b90b0e3c0cdd42fc3f16be_1553025115_50x50.jpg\" alt=\"Blas M. Jimenez\" \/><\/a><\/div><div class=\"media-right media2 hw-30p hw-sm-40p mt-dmd-m15p ml-lg-m10p ml-3 \"><a class=\"image-popup\" href=\"\/media\/a\/a5\/a56\/a56d7bf8ae8258eb9536e087e172b316_1624915283.\"><img class=\"img-fluid rounded-circle\" src=\"https:\/\/www.xporty.com\/media\/a\/a5\/a56\/a56d7bf8ae8258eb9536e087e172b316_1624915283_50x50.\" alt=\"Gonzalo Sanchez Maza\" \/><\/a><\/div><\/div><\/div><\/td>\r\n                            <td class=\"text-center\">\r\n                                <span class=\"badge badge-secondary font-weight-normal\">\r\n                                    6-4 | 7<sup>7<\/sup>-6<sup>4<\/sup>                                <\/span>\r\n                                <div class=\"mt-2 text-muted\">\r\n                                    09\/08\/2021 20:00                                <\/div>\r\n                                                                    Jornada 6                                                            <\/td>\r\n                            <td>\r\n                                <div class=\"media media-players \" style=\"\"><div class=\"d-lg-flex mr-0 mr0\"><div class=\"media-left hw-30p hw-sm-40p \"><a class=\"image-popup\" href=\"\/media\/5\/50\/50f\/50f67b03d3724fbee2f4b7ff50b92306_1626874848.\"><img class=\"img-fluid rounded-circle\" src=\"https:\/\/www.xporty.com\/media\/5\/50\/50f\/50f67b03d3724fbee2f4b7ff50b92306_1626874848_50x50.\" alt=\"Juanjo Alameda\" \/><\/a><\/div><div class=\"media-left media2 hw-30p hw-sm-40p mt-dmd-m15p ml-lg-m10p mr-3 \"><a class=\"image-popup\" href=\"\/media\/a\/a8\/a85\/a852e474dae269bdc65f4e6640a525e7_1553189760.jpeg\"><img class=\"img-fluid rounded-circle\" src=\"https:\/\/www.xporty.com\/media\/a\/a8\/a85\/a852e474dae269bdc65f4e6640a525e7_1553189760_50x50.jpeg\" alt=\"Felipe Javier Rodr\u00edguez Garcia \" \/><\/a><\/div><\/div><div class=\"media-body players-names text-truncate\"><div class=\"player text-truncate-container h-osm-45p h-omd-45p h-oxs-35p d-block\"><div class=\"text-truncate-ellipsis\">Juanjo Alameda<\/div><\/div><div class=\"player player2 text-truncate-container d-block mt-dmd-m15p\"><div class=\"text-truncate-ellipsis\">Felipe Javier Rodr\u00edguez Garcia <\/div><\/div><\/div><\/div>                            <\/td>\r\n                                                <td style=\"width:10%;\">\r\n                            <a href=\"\/tournaments\/1354023-ii-liga-villacarrillo-smashpadel\/events\/1355243\/rounds\/1360880\/games\/1363602\/view\"><i class=\"fa fa-chevron-circle-right fa-2x \"><\/i> <\/a>                        <\/td>\r\n                    <\/tr>\r\n                                    <tr class=\"\">\r\n                                                                            <td><div class=\"media media-players  text-right\" style=\"\"><div class=\"media-body players-names text-truncate\"><div class=\"player text-truncate-container h-osm-45p h-omd-45p h-oxs-35p d-block\"><div class=\"text-truncate-ellipsis\">Antonio Miguel Ruiz Jimenez<\/div><\/div><div class=\"player player2 text-truncate-container d-block mt-dmd-m15p\"><div class=\"text-truncate-ellipsis\">Blas M. Jimenez<\/div><\/div><\/div><div class=\"d-lg-flex mr-0 mr0\"><div class=\"media-right hw-30p hw-sm-40p ml-3 \"><a class=\"image-popup\" href=\"\/media\/8\/8c\/8c6\/8c6b0fdcb533886bc4da19a5442dbc04_1624919871.png\"><img class=\"img-fluid rounded-circle\" src=\"https:\/\/www.xporty.com\/media\/8\/8c\/8c6\/8c6b0fdcb533886bc4da19a5442dbc04_1624919871_50x50.png\" alt=\"Antonio Miguel Ruiz Jimenez\" \/><\/a><\/div><div class=\"media-right media2 hw-30p hw-sm-40p mt-dmd-m15p ml-lg-m10p ml-3 \"><a class=\"image-popup\" href=\"\/media\/3\/3c\/3c2\/3c22518c32b90b0e3c0cdd42fc3f16be_1553025115.jpg\"><img class=\"img-fluid rounded-circle\" src=\"https:\/\/www.xporty.com\/media\/3\/3c\/3c2\/3c22518c32b90b0e3c0cdd42fc3f16be_1553025115_50x50.jpg\" alt=\"Blas M. Jimenez\" \/><\/a><\/div><\/div><\/div><\/td>\r\n                            <td class=\"text-center\">\r\n                                <span class=\"badge badge-secondary font-weight-normal\">\r\n                                    6-2 | 6-2                                <\/span>\r\n                                <div class=\"mt-2 text-muted\">\r\n                                    17\/08\/2021 21:30                                <\/div>\r\n                                                                    Jornada 7                                                            <\/td>\r\n                            <td>\r\n                                <div class=\"media media-players \" style=\"\"><div class=\"d-lg-flex mr-0 mr0\"><div class=\"media-left hw-30p hw-sm-40p \"><a class=\"image-popup\" href=\"\/media\/defaults\/avatars\/J.png\"><img class=\"img-fluid rounded-circle\" src=\"https:\/\/www.xporty.com\/media\/defaults\/J_50x50.png\" alt=\"Jaime Bravo S\u00e1ez \" \/><\/a><\/div><div class=\"media-left media2 hw-30p hw-sm-40p mt-dmd-m15p ml-lg-m10p mr-3 \"><a class=\"image-popup\" href=\"\/media\/defaults\/avatars\/C.png\"><img class=\"img-fluid rounded-circle\" src=\"https:\/\/www.xporty.com\/media\/defaults\/C_50x50.png\" alt=\"Carlos  Rodr\u00edguez \" \/><\/a><\/div><\/div><div class=\"media-body players-names text-truncate\"><div class=\"player text-truncate-container h-osm-45p h-omd-45p h-oxs-35p d-block\"><div class=\"text-truncate-ellipsis\">Jaime Bravo S\u00e1ez <\/div><\/div><div class=\"player player2 text-truncate-container d-block mt-dmd-m15p\"><div class=\"text-truncate-ellipsis\">Carlos  Rodr\u00edguez <\/div><\/div><\/div><\/div>                            <\/td>\r\n                                                <td style=\"width:10%;\">\r\n                            <a href=\"\/tournaments\/1354023-ii-liga-villacarrillo-smashpadel\/events\/1355243\/rounds\/1360880\/games\/1363611\/view\"><i class=\"fa fa-chevron-circle-right fa-2x \"><\/i> <\/a>                        <\/td>\r\n                    <\/tr>\r\n                                    <tr class=\"\">\r\n                                                                            <td><div class=\"media media-players  text-right\" style=\"\"><div class=\"media-body players-names text-truncate\"><div class=\"player text-truncate-container h-osm-45p h-omd-45p h-oxs-35p d-block\"><div class=\"text-truncate-ellipsis\">Blas M. Jimenez<\/div><\/div><div class=\"player player2 text-truncate-container d-block mt-dmd-m15p\"><div class=\"text-truncate-ellipsis\">Raul Chory <\/div><\/div><\/div><div class=\"d-lg-flex mr-0 mr0\"><div class=\"media-right hw-30p hw-sm-40p ml-3 \"><a class=\"image-popup\" href=\"\/media\/3\/3c\/3c2\/3c22518c32b90b0e3c0cdd42fc3f16be_1553025115.jpg\"><img class=\"img-fluid rounded-circle\" src=\"https:\/\/www.xporty.com\/media\/3\/3c\/3c2\/3c22518c32b90b0e3c0cdd42fc3f16be_1553025115_50x50.jpg\" alt=\"Blas M. Jimenez\" \/><\/a><\/div><div class=\"media-right media2 hw-30p hw-sm-40p mt-dmd-m15p ml-lg-m10p ml-3 \"><a class=\"image-popup\" href=\"\/media\/f\/fd\/fd4\/fd43ad01269bb04b9dda6d988b61483b_1624949838.\"><img class=\"img-fluid rounded-circle\" src=\"https:\/\/www.xporty.com\/media\/f\/fd\/fd4\/fd43ad01269bb04b9dda6d988b61483b_1624949838_50x50.\" alt=\"Raul Chory \" \/><\/a><\/div><\/div><\/div><\/td>\r\n                            <td class=\"text-center\">\r\n                                <span class=\"badge badge-secondary font-weight-normal\">\r\n                                    6-3 | 6-0                                <\/span>\r\n                                <div class=\"mt-2 text-muted\">\r\n                                    26\/08\/2021 21:30                                <\/div>\r\n                                                                    Jornada 8                                                            <\/td>\r\n                            <td>\r\n                                <div class=\"media media-players \" style=\"\"><div class=\"d-lg-flex mr-0 mr0\"><div class=\"media-left hw-30p hw-sm-40p \"><a class=\"image-popup\" href=\"\/media\/9\/91\/91b\/91b87022fe3de7358e48ecf1c7cce974_1625093136.\"><img class=\"img-fluid rounded-circle\" src=\"https:\/\/www.xporty.com\/media\/9\/91\/91b\/91b87022fe3de7358e48ecf1c7cce974_1625093136_50x50.\" alt=\"Crist\u00f3bal Mart\u00ednez\" \/><\/a><\/div><div class=\"media-left media2 hw-30p hw-sm-40p mt-dmd-m15p ml-lg-m10p mr-3 \"><a class=\"image-popup\" href=\"\/media\/defaults\/avatars\/F.png\"><img class=\"img-fluid rounded-circle\" src=\"https:\/\/www.xporty.com\/media\/defaults\/F_50x50.png\" alt=\"Fernando Mart\u00ednez Moreno\" \/><\/a><\/div><\/div><div class=\"media-body players-names text-truncate\"><div class=\"player text-truncate-container h-osm-45p h-omd-45p h-oxs-35p d-block\"><div class=\"text-truncate-ellipsis\">Crist\u00f3bal Mart\u00ednez<\/div><\/div><div class=\"player player2 text-truncate-container d-block mt-dmd-m15p\"><div class=\"text-truncate-ellipsis\">Fernando Mart\u00ednez Moreno<\/div><\/div><\/div><\/div>                            <\/td>\r\n                                                <td style=\"width:10%;\">\r\n                            <a href=\"\/tournaments\/1354023-ii-liga-villacarrillo-smashpadel\/events\/1355243\/rounds\/1360880\/games\/1363627\/view\"><i class=\"fa fa-chevron-circle-right fa-2x \"><\/i> <\/a>                        <\/td>\r\n                    <\/tr>\r\n                                    <tr class=\"\">\r\n                                                                            <td><div class=\"media media-players  text-right\" style=\"\"><div class=\"media-body players-names text-truncate\"><div class=\"player text-truncate-container h-osm-45p h-omd-45p h-oxs-35p d-block\"><div class=\"text-truncate-ellipsis\">Blas M. Jimenez<\/div><\/div><div class=\"player player2 text-truncate-container d-block mt-dmd-m15p\"><div class=\"text-truncate-ellipsis\">Cristobal Mataran Garrido<\/div><\/div><\/div><div class=\"d-lg-flex mr-0 mr0\"><div class=\"media-right hw-30p hw-sm-40p ml-3 \"><a class=\"image-popup\" href=\"\/media\/3\/3c\/3c2\/3c22518c32b90b0e3c0cdd42fc3f16be_1553025115.jpg\"><img class=\"img-fluid rounded-circle\" src=\"https:\/\/www.xporty.com\/media\/3\/3c\/3c2\/3c22518c32b90b0e3c0cdd42fc3f16be_1553025115_50x50.jpg\" alt=\"Blas M. Jimenez\" \/><\/a><\/div><div class=\"media-right media2 hw-30p hw-sm-40p mt-dmd-m15p ml-lg-m10p ml-3 \"><a class=\"image-popup\" href=\"\/media\/1\/16\/167\/167914caa70785d78bbd421fed2997b1_1553695203.jpg\"><img class=\"img-fluid rounded-circle\" src=\"https:\/\/www.xporty.com\/media\/1\/16\/167\/167914caa70785d78bbd421fed2997b1_1553695203_50x50.jpg\" alt=\"Cristobal Mataran Garrido\" \/><\/a><\/div><\/div><\/div><\/td>\r\n                            <td class=\"text-center\">\r\n                                <span class=\"badge badge-secondary font-weight-normal\">\r\n                                    6-1 | 7-6                                <\/span>\r\n                                <div class=\"mt-2 text-muted\">\r\n                                    02\/09\/2021 21:30                                <\/div>\r\n                                                                    Jornada 9                                                            <\/td>\r\n                            <td>\r\n                                <div class=\"media media-players \" style=\"\"><div class=\"d-lg-flex mr-0 mr0\"><div class=\"media-left hw-30p hw-sm-40p \"><a class=\"image-popup\" href=\"\/media\/3\/34\/34e\/34e0dd08ae14ddebd38b7194167645a1_1683300651.\"><img class=\"img-fluid rounded-circle\" src=\"https:\/\/www.xporty.com\/media\/3\/34\/34e\/34e0dd08ae14ddebd38b7194167645a1_1683300651_50x50.\" alt=\"Juan Carlos Quesada Mar\u00edn\" \/><\/a><\/div><div class=\"media-left media2 hw-30p hw-sm-40p mt-dmd-m15p ml-lg-m10p mr-3 \"><a class=\"image-popup\" href=\"\/media\/defaults\/avatars\/A.png\"><img class=\"img-fluid rounded-circle\" src=\"https:\/\/www.xporty.com\/media\/defaults\/A_50x50.png\" alt=\"Angel S\u00e1nchez Soto\" \/><\/a><\/div><\/div><div class=\"media-body players-names text-truncate\"><div class=\"player text-truncate-container h-osm-45p h-omd-45p h-oxs-35p d-block\"><div class=\"text-truncate-ellipsis\">Juan Carlos Quesada Mar\u00edn<\/div><\/div><div class=\"player player2 text-truncate-container d-block mt-dmd-m15p\"><div class=\"text-truncate-ellipsis\">Angel S\u00e1nchez Soto<\/div><\/div><\/div><\/div>                            <\/td>\r\n                                                <td style=\"width:10%;\">\r\n                            <a href=\"\/tournaments\/1354023-ii-liga-villacarrillo-smashpadel\/events\/1355243\/rounds\/1360880\/games\/1363635\/view\"><i class=\"fa fa-chevron-circle-right fa-2x \"><\/i> <\/a>                        <\/td>\r\n                    <\/tr>\r\n                            <\/table>\r\n\r\n        <\/div>\r\n\r\n    <\/div>\r\n<div class=\"modal-footer\">\r\n    <div class=\"float-left\">\r\n        <a class=\"btn btn-light ajaxLinkLoading\" href=\"\/tournaments\/1354023-ii-liga-villacarrillo-smashpadel\/participants\/viewCard?p_id=604480&amp;e_id=1355243\"><i class=\"fa fa-bar-chart \"><\/i> Estad\u00edsticas<\/a>    <\/div>\r\n    <button class=\"btn btn-light\" data-dismiss=\"modal\"\r\n        aria-hidden=\"true\">Cerrar<\/button>\r\n<\/div>","dialog_id":"tp-round-games","send_ajax":1,"url_ajax":"\/tournaments\/1354023-ii-liga-villacarrillo-smashpadel\/events\/1355243\/rounds\/1360880\/standings\/showParticipantGames?finished=1&p_id=604480"}]}