{"dialog":[{"width":850,"content":"<div class=\"modal-header\">\r\n    <h5 class=\"modal-title\">\r\n        Partidos en Liga de <span>Mart\u00edn Montoro Medrano <\/span>    <\/h5>\r\n    <button type=\"button\" class=\"close\" data-dismiss=\"modal\" aria-label=\"Close\">\r\n        <span aria-hidden=\"true\">&times;<\/span>\r\n    <\/button>\r\n<\/div>\r\n<div class=\"modal-body p-0\">\r\n            <div id=\"participant-card\" class=\"card\">\r\n            <table class=\"table table-striped round-games table-full-width\">\r\n                <thead>\r\n                    <tr class=\"gradient-primary\">\r\n                                                                                <th class=\"text-right\">Local<\/th>\r\n                            <th class=\"text-center\">Resultado<\/th>\r\n                            <th class=\"\">Visitante<\/th>\r\n                            <th><\/th>\r\n                                            <\/tr>\r\n                <\/thead>\r\n                                    <tr class=\"\">\r\n                                                                            <td><div class=\"media media-players  text-right\" style=\"\"><div class=\"media-body players-names text-truncate\"><div class=\"player text-truncate-container h-osm-45p h-omd-45p h-oxs-35p d-block\"><div class=\"text-truncate-ellipsis\">Juan Torres Guerrero<\/div><\/div><div class=\"player player2 text-truncate-container d-block mt-dmd-m15p\"><div class=\"text-truncate-ellipsis\">Mart\u00edn Montoro Medrano <\/div><\/div><\/div><div class=\"d-lg-flex mr-0 mr0\"><div class=\"media-right hw-30p hw-sm-40p ml-3 \"><a class=\"image-popup\" href=\"\/media\/defaults\/avatars\/J.png\"><img class=\"img-fluid rounded-circle\" src=\"https:\/\/www.xporty.com\/media\/defaults\/J_50x50.png\" alt=\"Juan Torres Guerrero\" \/><\/a><\/div><div class=\"media-right media2 hw-30p hw-sm-40p mt-dmd-m15p ml-lg-m10p ml-3 \"><a class=\"image-popup\" href=\"\/media\/0\/06\/06b\/06bc2c457a3c6355663e5937ce61caf0_1554256672.jpg\"><img class=\"img-fluid rounded-circle\" src=\"https:\/\/www.xporty.com\/media\/0\/06\/06b\/06bc2c457a3c6355663e5937ce61caf0_1554256672_50x50.jpg\" alt=\"Mart\u00edn Montoro Medrano \" \/><\/a><\/div><\/div><\/div><\/td>\r\n                            <td class=\"text-center\">\r\n                                <span class=\"badge badge-secondary font-weight-normal\">\r\n                                    6-0 | 6-0                                <\/span>\r\n                                <div class=\"mt-2 text-muted\">\r\n                                    17\/07\/2021 10:00                                <\/div>\r\n                                                                    Jornada 1                                                            <\/td>\r\n                            <td>\r\n                                <div class=\"media media-players \" style=\"\"><div class=\"d-lg-flex mr-0 mr0\"><div class=\"media-left hw-30p hw-sm-40p \"><a class=\"image-popup\" href=\"\/media\/defaults\/avatars\/J.png\"><img class=\"img-fluid rounded-circle\" src=\"https:\/\/www.xporty.com\/media\/defaults\/J_50x50.png\" alt=\"Jaime Bravo S\u00e1ez \" \/><\/a><\/div><div class=\"media-left media2 hw-30p hw-sm-40p mt-dmd-m15p ml-lg-m10p mr-3 \"><a class=\"image-popup\" href=\"\/media\/8\/87\/874\/87427f346546d078eb14eef90433b5e0_1625496905.jpg\"><img class=\"img-fluid rounded-circle\" src=\"https:\/\/www.xporty.com\/media\/8\/87\/874\/87427f346546d078eb14eef90433b5e0_1625496905_50x50.jpg\" alt=\"Juan De Dios Estrada Mendoza\" \/><\/a><\/div><\/div><div class=\"media-body players-names text-truncate\"><div class=\"player text-truncate-container h-osm-45p h-omd-45p h-oxs-35p d-block\"><div class=\"text-truncate-ellipsis\">Jaime Bravo S\u00e1ez <\/div><\/div><div class=\"player player2 text-truncate-container d-block mt-dmd-m15p\"><div class=\"text-truncate-ellipsis\">Juan De Dios Estrada Mendoza<\/div><\/div><\/div><\/div>                            <\/td>\r\n                                                <td style=\"width:10%;\">\r\n                            <a href=\"\/tournaments\/1354023-ii-liga-villacarrillo-smashpadel\/events\/1355243\/rounds\/1360880\/games\/1363543\/view\"><i class=\"fa fa-chevron-circle-right fa-2x \"><\/i> <\/a>                        <\/td>\r\n                    <\/tr>\r\n                                    <tr class=\"\">\r\n                                                                            <td><div class=\"media media-players  text-right\" style=\"\"><div class=\"media-body players-names text-truncate\"><div class=\"player text-truncate-container h-osm-45p h-omd-45p h-oxs-35p d-block\"><div class=\"text-truncate-ellipsis\">Sebastian Moya Rubio<\/div><\/div><div class=\"player player2 text-truncate-container d-block mt-dmd-m15p\"><div class=\"text-truncate-ellipsis\">Antonio Acosta Hueso<\/div><\/div><\/div><div class=\"d-lg-flex mr-0 mr0\"><div class=\"media-right hw-30p hw-sm-40p ml-3 \"><a class=\"image-popup\" href=\"\/media\/2\/23\/231\/231171cb13e8d15b7c4ef698bc70dacc_1554239473.jpg\"><img class=\"img-fluid rounded-circle\" src=\"https:\/\/www.xporty.com\/media\/2\/23\/231\/231171cb13e8d15b7c4ef698bc70dacc_1554239473_50x50.jpg\" alt=\"Sebastian Moya Rubio\" \/><\/a><\/div><div class=\"media-right media2 hw-30p hw-sm-40p mt-dmd-m15p ml-lg-m10p ml-3 \"><a class=\"image-popup\" href=\"\/media\/defaults\/avatars\/A.png\"><img class=\"img-fluid rounded-circle\" src=\"https:\/\/www.xporty.com\/media\/defaults\/A_50x50.png\" alt=\"Antonio Acosta Hueso\" \/><\/a><\/div><\/div><\/div><\/td>\r\n                            <td class=\"text-center\">\r\n                                <span class=\"badge badge-secondary font-weight-normal\">\r\n                                    0-6 | 0-6                                <\/span>\r\n                                <div class=\"mt-2 text-muted\">\r\n                                    12\/07\/2021 21:30                                <\/div>\r\n                                                                    Jornada 2                                                            <\/td>\r\n                            <td>\r\n                                <div class=\"media media-players \" style=\"\"><div class=\"d-lg-flex mr-0 mr0\"><div class=\"media-left hw-30p hw-sm-40p \"><a class=\"image-popup\" href=\"\/media\/d\/d4\/d42\/d429f0a8fecd1393f672e4345b713464_1624888405.\"><img class=\"img-fluid rounded-circle\" src=\"https:\/\/www.xporty.com\/media\/d\/d4\/d42\/d429f0a8fecd1393f672e4345b713464_1624888405_50x50.\" alt=\"Juan Antonio Martinez Manzano\" \/><\/a><\/div><div class=\"media-left media2 hw-30p hw-sm-40p mt-dmd-m15p ml-lg-m10p mr-3 \"><a class=\"image-popup\" href=\"\/media\/0\/06\/06b\/06bc2c457a3c6355663e5937ce61caf0_1554256672.jpg\"><img class=\"img-fluid rounded-circle\" src=\"https:\/\/www.xporty.com\/media\/0\/06\/06b\/06bc2c457a3c6355663e5937ce61caf0_1554256672_50x50.jpg\" alt=\"Mart\u00edn Montoro Medrano \" \/><\/a><\/div><\/div><div class=\"media-body players-names text-truncate\"><div class=\"player text-truncate-container h-osm-45p h-omd-45p h-oxs-35p d-block\"><div class=\"text-truncate-ellipsis\">Juan Antonio Martinez Manzano<\/div><\/div><div class=\"player player2 text-truncate-container d-block mt-dmd-m15p\"><div class=\"text-truncate-ellipsis\">Mart\u00edn Montoro Medrano <\/div><\/div><\/div><\/div>                            <\/td>\r\n                                                <td style=\"width:10%;\">\r\n                            <a href=\"\/tournaments\/1354023-ii-liga-villacarrillo-smashpadel\/events\/1355243\/rounds\/1360880\/games\/1363554\/view\"><i class=\"fa fa-chevron-circle-right fa-2x \"><\/i> <\/a>                        <\/td>\r\n                    <\/tr>\r\n                                    <tr class=\"\">\r\n                                                                            <td><div class=\"media media-players  text-right\" style=\"\"><div class=\"media-body players-names text-truncate\"><div class=\"player text-truncate-container h-osm-45p h-omd-45p h-oxs-35p d-block\"><div class=\"text-truncate-ellipsis\">Juan Gonzalez Soto<\/div><\/div><div class=\"player player2 text-truncate-container d-block mt-dmd-m15p\"><div class=\"text-truncate-ellipsis\">Mart\u00edn Montoro Medrano <\/div><\/div><\/div><div class=\"d-lg-flex mr-0 mr0\"><div class=\"media-right hw-30p hw-sm-40p ml-3 \"><a class=\"image-popup\" href=\"\/media\/c\/c4\/c43\/c43e23e9588421e1b7cade7c650598bf_1625156708.\"><img class=\"img-fluid rounded-circle\" src=\"https:\/\/www.xporty.com\/media\/c\/c4\/c43\/c43e23e9588421e1b7cade7c650598bf_1625156708_50x50.\" alt=\"Juan Gonzalez Soto\" \/><\/a><\/div><div class=\"media-right media2 hw-30p hw-sm-40p mt-dmd-m15p ml-lg-m10p ml-3 \"><a class=\"image-popup\" href=\"\/media\/0\/06\/06b\/06bc2c457a3c6355663e5937ce61caf0_1554256672.jpg\"><img class=\"img-fluid rounded-circle\" src=\"https:\/\/www.xporty.com\/media\/0\/06\/06b\/06bc2c457a3c6355663e5937ce61caf0_1554256672_50x50.jpg\" alt=\"Mart\u00edn Montoro Medrano \" \/><\/a><\/div><\/div><\/div><\/td>\r\n                            <td class=\"text-center\">\r\n                                <span class=\"badge badge-secondary font-weight-normal\">\r\n                                    2-6 | 7<sup>7<\/sup>-6<sup>4<\/sup> | 6-2                                <\/span>\r\n                                <div class=\"mt-2 text-muted\">\r\n                                    19\/07\/2021 21:30                                <\/div>\r\n                                                                    Jornada 3                                                            <\/td>\r\n                            <td>\r\n                                <div class=\"media media-players \" style=\"\"><div class=\"d-lg-flex mr-0 mr0\"><div class=\"media-left hw-30p hw-sm-40p \"><a class=\"image-popup\" href=\"\/media\/defaults\/avatars\/J.png\"><img class=\"img-fluid rounded-circle\" src=\"https:\/\/www.xporty.com\/media\/defaults\/J_50x50.png\" alt=\"Juan Hueso Perez\" \/><\/a><\/div><div class=\"media-left media2 hw-30p hw-sm-40p mt-dmd-m15p ml-lg-m10p mr-3 \"><a class=\"image-popup\" href=\"\/media\/defaults\/avatars\/A.png\"><img class=\"img-fluid rounded-circle\" src=\"https:\/\/www.xporty.com\/media\/defaults\/A_50x50.png\" alt=\"Angel S\u00e1nchez Soto\" \/><\/a><\/div><\/div><div class=\"media-body players-names text-truncate\"><div class=\"player text-truncate-container h-osm-45p h-omd-45p h-oxs-35p d-block\"><div class=\"text-truncate-ellipsis\">Juan Hueso Perez<\/div><\/div><div class=\"player player2 text-truncate-container d-block mt-dmd-m15p\"><div class=\"text-truncate-ellipsis\">Angel S\u00e1nchez Soto<\/div><\/div><\/div><\/div>                            <\/td>\r\n                                                <td style=\"width:10%;\">\r\n                            <a href=\"\/tournaments\/1354023-ii-liga-villacarrillo-smashpadel\/events\/1355243\/rounds\/1360880\/games\/1363569\/view\"><i class=\"fa fa-chevron-circle-right fa-2x \"><\/i> <\/a>                        <\/td>\r\n                    <\/tr>\r\n                                    <tr class=\"\">\r\n                                                                            <td><div class=\"media media-players  text-right\" style=\"\"><div class=\"media-body players-names text-truncate\"><div class=\"player text-truncate-container h-osm-45p h-omd-45p h-oxs-35p d-block\"><div class=\"text-truncate-ellipsis\">Juanjo Alameda<\/div><\/div><div class=\"player player2 text-truncate-container d-block mt-dmd-m15p\"><div class=\"text-truncate-ellipsis\">Mart\u00edn Montoro Medrano <\/div><\/div><\/div><div class=\"d-lg-flex mr-0 mr0\"><div class=\"media-right hw-30p hw-sm-40p ml-3 \"><a class=\"image-popup\" href=\"\/media\/5\/50\/50f\/50f67b03d3724fbee2f4b7ff50b92306_1626874848.\"><img class=\"img-fluid rounded-circle\" src=\"https:\/\/www.xporty.com\/media\/5\/50\/50f\/50f67b03d3724fbee2f4b7ff50b92306_1626874848_50x50.\" alt=\"Juanjo Alameda\" \/><\/a><\/div><div class=\"media-right media2 hw-30p hw-sm-40p mt-dmd-m15p ml-lg-m10p ml-3 \"><a class=\"image-popup\" href=\"\/media\/0\/06\/06b\/06bc2c457a3c6355663e5937ce61caf0_1554256672.jpg\"><img class=\"img-fluid rounded-circle\" src=\"https:\/\/www.xporty.com\/media\/0\/06\/06b\/06bc2c457a3c6355663e5937ce61caf0_1554256672_50x50.jpg\" alt=\"Mart\u00edn Montoro Medrano \" \/><\/a><\/div><\/div><\/div><\/td>\r\n                            <td class=\"text-center\">\r\n                                <span class=\"badge badge-secondary font-weight-normal\">\r\n                                    3-6 | 6-0 | 6-0                                <\/span>\r\n                                <div class=\"mt-2 text-muted\">\r\n                                    26\/07\/2021 21:30                                <\/div>\r\n                                                                    Jornada 4                                                            <\/td>\r\n                            <td>\r\n                                <div class=\"media media-players \" style=\"\"><div class=\"d-lg-flex mr-0 mr0\"><div class=\"media-left hw-30p hw-sm-40p \"><a class=\"image-popup\" href=\"\/media\/2\/27\/271\/2711f357f37d4b7a45eb337b97f470b4_1625093443.\"><img class=\"img-fluid rounded-circle\" src=\"https:\/\/www.xporty.com\/media\/2\/27\/271\/2711f357f37d4b7a45eb337b97f470b4_1625093443_50x50.\" alt=\"Francisco Javier Almansa Morcillo\" \/><\/a><\/div><div class=\"media-left media2 hw-30p hw-sm-40p mt-dmd-m15p ml-lg-m10p mr-3 \"><a class=\"image-popup\" href=\"\/media\/d\/d4\/d42\/d429f0a8fecd1393f672e4345b713464_1624888405.\"><img class=\"img-fluid rounded-circle\" src=\"https:\/\/www.xporty.com\/media\/d\/d4\/d42\/d429f0a8fecd1393f672e4345b713464_1624888405_50x50.\" alt=\"Juan Antonio Martinez Manzano\" \/><\/a><\/div><\/div><div class=\"media-body players-names text-truncate\"><div class=\"player text-truncate-container h-osm-45p h-omd-45p h-oxs-35p d-block\"><div class=\"text-truncate-ellipsis\">Francisco Javier Almansa Morcillo<\/div><\/div><div class=\"player player2 text-truncate-container d-block mt-dmd-m15p\"><div class=\"text-truncate-ellipsis\">Juan Antonio Martinez Manzano<\/div><\/div><\/div><\/div>                            <\/td>\r\n                                                <td style=\"width:10%;\">\r\n                            <a href=\"\/tournaments\/1354023-ii-liga-villacarrillo-smashpadel\/events\/1355243\/rounds\/1360880\/games\/1363580\/view\"><i class=\"fa fa-chevron-circle-right fa-2x \"><\/i> <\/a>                        <\/td>\r\n                    <\/tr>\r\n                                    <tr class=\"\">\r\n                                                                            <td><div class=\"media media-players  text-right\" style=\"\"><div class=\"media-body players-names text-truncate\"><div class=\"player text-truncate-container h-osm-45p h-omd-45p h-oxs-35p d-block\"><div class=\"text-truncate-ellipsis\">Mart\u00edn Montoro Medrano <\/div><\/div><div class=\"player player2 text-truncate-container d-block mt-dmd-m15p\"><div class=\"text-truncate-ellipsis\">Francisco Jos\u00e9 Fern\u00e1ndez Requena<\/div><\/div><\/div><div class=\"d-lg-flex mr-0 mr0\"><div class=\"media-right hw-30p hw-sm-40p ml-3 \"><a class=\"image-popup\" href=\"\/media\/0\/06\/06b\/06bc2c457a3c6355663e5937ce61caf0_1554256672.jpg\"><img class=\"img-fluid rounded-circle\" src=\"https:\/\/www.xporty.com\/media\/0\/06\/06b\/06bc2c457a3c6355663e5937ce61caf0_1554256672_50x50.jpg\" alt=\"Mart\u00edn Montoro Medrano \" \/><\/a><\/div><div class=\"media-right media2 hw-30p hw-sm-40p mt-dmd-m15p ml-lg-m10p ml-3 \"><a class=\"image-popup\" href=\"\/media\/e\/e7\/e75\/e758e4be988ed27fb02470816c6ef663_1624882331.\"><img class=\"img-fluid rounded-circle\" src=\"https:\/\/www.xporty.com\/media\/e\/e7\/e75\/e758e4be988ed27fb02470816c6ef663_1624882331_50x50.\" alt=\"Francisco Jos\u00e9 Fern\u00e1ndez Requena\" \/><\/a><\/div><\/div><\/div><\/td>\r\n                            <td class=\"text-center\">\r\n                                <span class=\"badge badge-secondary font-weight-normal\">\r\n                                    1-6 | 2-6                                <\/span>\r\n                                <div class=\"mt-2 text-muted\">\r\n                                    02\/08\/2021 20:00                                <\/div>\r\n                                                                    Jornada 5                                                            <\/td>\r\n                            <td>\r\n                                <div class=\"media media-players \" style=\"\"><div class=\"d-lg-flex mr-0 mr0\"><div class=\"media-left hw-30p hw-sm-40p \"><a class=\"image-popup\" href=\"\/media\/a\/ac\/ac3\/ac339975e0c4ef96c3436de63372d8d3_1624917445.jpeg\"><img class=\"img-fluid rounded-circle\" src=\"https:\/\/www.xporty.com\/media\/a\/ac\/ac3\/ac339975e0c4ef96c3436de63372d8d3_1624917445_50x50.jpeg\" alt=\"Nando Posadas\" \/><\/a><\/div><div class=\"media-left media2 hw-30p hw-sm-40p mt-dmd-m15p ml-lg-m10p mr-3 \"><a class=\"image-popup\" href=\"\/media\/1\/16\/167\/167914caa70785d78bbd421fed2997b1_1553695203.jpg\"><img class=\"img-fluid rounded-circle\" src=\"https:\/\/www.xporty.com\/media\/1\/16\/167\/167914caa70785d78bbd421fed2997b1_1553695203_50x50.jpg\" alt=\"Cristobal Mataran Garrido\" \/><\/a><\/div><\/div><div class=\"media-body players-names text-truncate\"><div class=\"player text-truncate-container h-osm-45p h-omd-45p h-oxs-35p d-block\"><div class=\"text-truncate-ellipsis\">Nando Posadas<\/div><\/div><div class=\"player player2 text-truncate-container d-block mt-dmd-m15p\"><div class=\"text-truncate-ellipsis\">Cristobal Mataran Garrido<\/div><\/div><\/div><\/div>                            <\/td>\r\n                                                <td style=\"width:10%;\">\r\n                            <a href=\"\/tournaments\/1354023-ii-liga-villacarrillo-smashpadel\/events\/1355243\/rounds\/1360880\/games\/1363590\/view\"><i class=\"fa fa-chevron-circle-right fa-2x \"><\/i> <\/a>                        <\/td>\r\n                    <\/tr>\r\n                                    <tr class=\"\">\r\n                                                                            <td><div class=\"media media-players  text-right\" style=\"\"><div class=\"media-body players-names text-truncate\"><div class=\"player text-truncate-container h-osm-45p h-omd-45p h-oxs-35p d-block\"><div class=\"text-truncate-ellipsis\">Manuel Murillo <\/div><\/div><div class=\"player player2 text-truncate-container d-block mt-dmd-m15p\"><div class=\"text-truncate-ellipsis\">Mart\u00edn Montoro Medrano <\/div><\/div><\/div><div class=\"d-lg-flex mr-0 mr0\"><div class=\"media-right hw-30p hw-sm-40p ml-3 \"><a class=\"image-popup\" href=\"\/media\/defaults\/avatars\/M.png\"><img class=\"img-fluid rounded-circle\" src=\"https:\/\/www.xporty.com\/media\/defaults\/M_50x50.png\" alt=\"Manuel Murillo \" \/><\/a><\/div><div class=\"media-right media2 hw-30p hw-sm-40p mt-dmd-m15p ml-lg-m10p ml-3 \"><a class=\"image-popup\" href=\"\/media\/0\/06\/06b\/06bc2c457a3c6355663e5937ce61caf0_1554256672.jpg\"><img class=\"img-fluid rounded-circle\" src=\"https:\/\/www.xporty.com\/media\/0\/06\/06b\/06bc2c457a3c6355663e5937ce61caf0_1554256672_50x50.jpg\" alt=\"Mart\u00edn Montoro Medrano \" \/><\/a><\/div><\/div><\/div><\/td>\r\n                            <td class=\"text-center\">\r\n                                <span class=\"badge badge-secondary font-weight-normal\">\r\n                                    5-7 | 7-5 | 7-5                                <\/span>\r\n                                <div class=\"mt-2 text-muted\">\r\n                                    -                                <\/div>\r\n                                                                    Jornada 6                                                            <\/td>\r\n                            <td>\r\n                                <div class=\"media media-players \" style=\"\"><div class=\"d-lg-flex mr-0 mr0\"><div class=\"media-left hw-30p hw-sm-40p \"><a class=\"image-popup\" href=\"\/media\/defaults\/avatars\/R.png\"><img class=\"img-fluid rounded-circle\" src=\"https:\/\/www.xporty.com\/media\/defaults\/R_50x50.png\" alt=\"Rafael Felix Moreno\" \/><\/a><\/div><div class=\"media-left media2 hw-30p hw-sm-40p mt-dmd-m15p ml-lg-m10p mr-3 \"><a class=\"image-popup\" href=\"\/media\/defaults\/avatars\/I.png\"><img class=\"img-fluid rounded-circle\" src=\"https:\/\/www.xporty.com\/media\/defaults\/I_50x50.png\" alt=\"Ismael Garc\u00eda Espinar\" \/><\/a><\/div><\/div><div class=\"media-body players-names text-truncate\"><div class=\"player text-truncate-container h-osm-45p h-omd-45p h-oxs-35p d-block\"><div class=\"text-truncate-ellipsis\">Rafael Felix Moreno<\/div><\/div><div class=\"player player2 text-truncate-container d-block mt-dmd-m15p\"><div class=\"text-truncate-ellipsis\">Ismael Garc\u00eda Espinar<\/div><\/div><\/div><\/div>                            <\/td>\r\n                                                <td style=\"width:10%;\">\r\n                            <a href=\"\/tournaments\/1354023-ii-liga-villacarrillo-smashpadel\/events\/1355243\/rounds\/1360880\/games\/1363599\/view\"><i class=\"fa fa-chevron-circle-right fa-2x \"><\/i> <\/a>                        <\/td>\r\n                    <\/tr>\r\n                                    <tr class=\"\">\r\n                                                                            <td><div class=\"media media-players  text-right\" style=\"\"><div class=\"media-body players-names text-truncate\"><div class=\"player text-truncate-container h-osm-45p h-omd-45p h-oxs-35p d-block\"><div class=\"text-truncate-ellipsis\">Mart\u00edn Montoro Medrano <\/div><\/div><div class=\"player player2 text-truncate-container d-block mt-dmd-m15p\"><div class=\"text-truncate-ellipsis\">Gonzalo Sanchez Maza<\/div><\/div><\/div><div class=\"d-lg-flex mr-0 mr0\"><div class=\"media-right hw-30p hw-sm-40p ml-3 \"><a class=\"image-popup\" href=\"\/media\/0\/06\/06b\/06bc2c457a3c6355663e5937ce61caf0_1554256672.jpg\"><img class=\"img-fluid rounded-circle\" src=\"https:\/\/www.xporty.com\/media\/0\/06\/06b\/06bc2c457a3c6355663e5937ce61caf0_1554256672_50x50.jpg\" alt=\"Mart\u00edn Montoro Medrano \" \/><\/a><\/div><div class=\"media-right media2 hw-30p hw-sm-40p mt-dmd-m15p ml-lg-m10p ml-3 \"><a class=\"image-popup\" href=\"\/media\/a\/a5\/a56\/a56d7bf8ae8258eb9536e087e172b316_1624915283.\"><img class=\"img-fluid rounded-circle\" src=\"https:\/\/www.xporty.com\/media\/a\/a5\/a56\/a56d7bf8ae8258eb9536e087e172b316_1624915283_50x50.\" alt=\"Gonzalo Sanchez Maza\" \/><\/a><\/div><\/div><\/div><\/td>\r\n                            <td class=\"text-center\">\r\n                                <span class=\"badge badge-secondary font-weight-normal\">\r\n                                    6-3 | 6-3                                <\/span>\r\n                                <div class=\"mt-2 text-muted\">\r\n                                    -                                <\/div>\r\n                                                                    Jornada 7                                                            <\/td>\r\n                            <td>\r\n                                <div class=\"media media-players \" style=\"\"><div class=\"d-lg-flex mr-0 mr0\"><div class=\"media-left hw-30p hw-sm-40p \"><a class=\"image-popup\" href=\"\/media\/0\/00\/00c\/00c5d2a8f7d17c808fbd09cf7197b6d7_1624912105.\"><img class=\"img-fluid rounded-circle\" src=\"https:\/\/www.xporty.com\/media\/0\/00\/00c\/00c5d2a8f7d17c808fbd09cf7197b6d7_1624912105_50x50.\" alt=\"Juan Palomares Corencia \" \/><\/a><\/div><div class=\"media-left media2 hw-30p hw-sm-40p mt-dmd-m15p ml-lg-m10p mr-3 \"><a class=\"image-popup\" href=\"\/media\/defaults\/avatars\/C.png\"><img class=\"img-fluid rounded-circle\" src=\"https:\/\/www.xporty.com\/media\/defaults\/C_50x50.png\" alt=\"Carlos Requena Mora\" \/><\/a><\/div><\/div><div class=\"media-body players-names text-truncate\"><div class=\"player text-truncate-container h-osm-45p h-omd-45p h-oxs-35p d-block\"><div class=\"text-truncate-ellipsis\">Juan Palomares Corencia <\/div><\/div><div class=\"player player2 text-truncate-container d-block mt-dmd-m15p\"><div class=\"text-truncate-ellipsis\">Carlos Requena Mora<\/div><\/div><\/div><\/div>                            <\/td>\r\n                                                <td style=\"width:10%;\">\r\n                            <a href=\"\/tournaments\/1354023-ii-liga-villacarrillo-smashpadel\/events\/1355243\/rounds\/1360880\/games\/1363615\/view\"><i class=\"fa fa-chevron-circle-right fa-2x \"><\/i> <\/a>                        <\/td>\r\n                    <\/tr>\r\n                                    <tr class=\"\">\r\n                                                                            <td><div class=\"media media-players  text-right\" style=\"\"><div class=\"media-body players-names text-truncate\"><div class=\"player text-truncate-container h-osm-45p h-omd-45p h-oxs-35p d-block\"><div class=\"text-truncate-ellipsis\">Mart\u00edn Montoro Medrano <\/div><\/div><div class=\"player player2 text-truncate-container d-block mt-dmd-m15p\"><div class=\"text-truncate-ellipsis\">Antonio Acosta Hueso<\/div><\/div><\/div><div class=\"d-lg-flex mr-0 mr0\"><div class=\"media-right hw-30p hw-sm-40p ml-3 \"><a class=\"image-popup\" href=\"\/media\/0\/06\/06b\/06bc2c457a3c6355663e5937ce61caf0_1554256672.jpg\"><img class=\"img-fluid rounded-circle\" src=\"https:\/\/www.xporty.com\/media\/0\/06\/06b\/06bc2c457a3c6355663e5937ce61caf0_1554256672_50x50.jpg\" alt=\"Mart\u00edn Montoro Medrano \" \/><\/a><\/div><div class=\"media-right media2 hw-30p hw-sm-40p mt-dmd-m15p ml-lg-m10p ml-3 \"><a class=\"image-popup\" href=\"\/media\/defaults\/avatars\/A.png\"><img class=\"img-fluid rounded-circle\" src=\"https:\/\/www.xporty.com\/media\/defaults\/A_50x50.png\" alt=\"Antonio Acosta Hueso\" \/><\/a><\/div><\/div><\/div><\/td>\r\n                            <td class=\"text-center\">\r\n                                <span class=\"badge badge-secondary font-weight-normal\">\r\n                                    6-1 | 6-2                                <\/span>\r\n                                <div class=\"mt-2 text-muted\">\r\n                                    24\/08\/2021 20:00                                <\/div>\r\n                                                                    Jornada 8                                                            <\/td>\r\n                            <td>\r\n                                <div class=\"media media-players \" style=\"\"><div class=\"d-lg-flex mr-0 mr0\"><div class=\"media-left hw-30p hw-sm-40p \"><a class=\"image-popup\" href=\"\/media\/8\/8c\/8ca\/8caf45ec21522041a59244832361cf60_1625076160.\"><img class=\"img-fluid rounded-circle\" src=\"https:\/\/www.xporty.com\/media\/8\/8c\/8ca\/8caf45ec21522041a59244832361cf60_1625076160_50x50.\" alt=\"Francisco  Pulido Diaz\" \/><\/a><\/div><div class=\"media-left media2 hw-30p hw-sm-40p mt-dmd-m15p ml-lg-m10p mr-3 \"><a class=\"image-popup\" href=\"\/media\/f\/f2\/f28\/f28afac5f6796d4340c5ad6b3c6b633d_1625519007.\"><img class=\"img-fluid rounded-circle\" src=\"https:\/\/www.xporty.com\/media\/f\/f2\/f28\/f28afac5f6796d4340c5ad6b3c6b633d_1625519007_50x50.\" alt=\"David Tello\" \/><\/a><\/div><\/div><div class=\"media-body players-names text-truncate\"><div class=\"player text-truncate-container h-osm-45p h-omd-45p h-oxs-35p d-block\"><div class=\"text-truncate-ellipsis\">Francisco  Pulido Diaz<\/div><\/div><div class=\"player player2 text-truncate-container d-block mt-dmd-m15p\"><div class=\"text-truncate-ellipsis\">David Tello<\/div><\/div><\/div><\/div>                            <\/td>\r\n                                                <td style=\"width:10%;\">\r\n                            <a href=\"\/tournaments\/1354023-ii-liga-villacarrillo-smashpadel\/events\/1355243\/rounds\/1360880\/games\/1363623\/view\"><i class=\"fa fa-chevron-circle-right fa-2x \"><\/i> <\/a>                        <\/td>\r\n                    <\/tr>\r\n                                    <tr class=\"\">\r\n                                                                            <td><div class=\"media media-players  text-right\" style=\"\"><div class=\"media-body players-names text-truncate\"><div class=\"player text-truncate-container h-osm-45p h-omd-45p h-oxs-35p d-block\"><div class=\"text-truncate-ellipsis\">Antonio Miguel Ruiz Jimenez<\/div><\/div><div class=\"player player2 text-truncate-container d-block mt-dmd-m15p\"><div class=\"text-truncate-ellipsis\">Mart\u00edn Montoro Medrano <\/div><\/div><\/div><div class=\"d-lg-flex mr-0 mr0\"><div class=\"media-right hw-30p hw-sm-40p ml-3 \"><a class=\"image-popup\" href=\"\/media\/8\/8c\/8c6\/8c6b0fdcb533886bc4da19a5442dbc04_1624919871.png\"><img class=\"img-fluid rounded-circle\" src=\"https:\/\/www.xporty.com\/media\/8\/8c\/8c6\/8c6b0fdcb533886bc4da19a5442dbc04_1624919871_50x50.png\" alt=\"Antonio Miguel Ruiz Jimenez\" \/><\/a><\/div><div class=\"media-right media2 hw-30p hw-sm-40p mt-dmd-m15p ml-lg-m10p ml-3 \"><a class=\"image-popup\" href=\"\/media\/0\/06\/06b\/06bc2c457a3c6355663e5937ce61caf0_1554256672.jpg\"><img class=\"img-fluid rounded-circle\" src=\"https:\/\/www.xporty.com\/media\/0\/06\/06b\/06bc2c457a3c6355663e5937ce61caf0_1554256672_50x50.jpg\" alt=\"Mart\u00edn Montoro Medrano \" \/><\/a><\/div><\/div><\/div><\/td>\r\n                            <td class=\"text-center\">\r\n                                <span class=\"badge badge-secondary font-weight-normal\">\r\n                                    1-6 | 6-7                                <\/span>\r\n                                <div class=\"mt-2 text-muted\">\r\n                                    31\/08\/2021 20:00                                <\/div>\r\n                                                                    Jornada 9                                                            <\/td>\r\n                            <td>\r\n                                <div class=\"media media-players \" style=\"\"><div class=\"d-lg-flex mr-0 mr0\"><div class=\"media-left hw-30p hw-sm-40p \"><a class=\"image-popup\" href=\"\/media\/defaults\/avatars\/I.png\"><img class=\"img-fluid rounded-circle\" src=\"https:\/\/www.xporty.com\/media\/defaults\/I_50x50.png\" alt=\"Ismael Garc\u00eda Espinar\" \/><\/a><\/div><div class=\"media-left media2 hw-30p hw-sm-40p mt-dmd-m15p ml-lg-m10p mr-3 \"><a class=\"image-popup\" href=\"\/media\/f\/f8\/f86\/f86b5e4ae9e00ee9e81dc01298f2d1df_1625074582.jpg\"><img class=\"img-fluid rounded-circle\" src=\"https:\/\/www.xporty.com\/media\/f\/f8\/f86\/f86b5e4ae9e00ee9e81dc01298f2d1df_1625074582_50x50.jpg\" alt=\"Miguel \u00c1ngel S\u00e1nchez L\u00f3pez\" \/><\/a><\/div><\/div><div class=\"media-body players-names text-truncate\"><div class=\"player text-truncate-container h-osm-45p h-omd-45p h-oxs-35p d-block\"><div class=\"text-truncate-ellipsis\">Ismael Garc\u00eda Espinar<\/div><\/div><div class=\"player player2 text-truncate-container d-block mt-dmd-m15p\"><div class=\"text-truncate-ellipsis\">Miguel \u00c1ngel S\u00e1nchez L\u00f3pez<\/div><\/div><\/div><\/div>                            <\/td>\r\n                                                <td style=\"width:10%;\">\r\n                            <a href=\"\/tournaments\/1354023-ii-liga-villacarrillo-smashpadel\/events\/1355243\/rounds\/1360880\/games\/1363634\/view\"><i class=\"fa fa-chevron-circle-right fa-2x \"><\/i> <\/a>                        <\/td>\r\n                    <\/tr>\r\n                            <\/table>\r\n\r\n        <\/div>\r\n\r\n    <\/div>\r\n<div class=\"modal-footer\">\r\n    <div class=\"float-left\">\r\n        <a class=\"btn btn-light ajaxLinkLoading\" href=\"\/tournaments\/1354023-ii-liga-villacarrillo-smashpadel\/participants\/viewCard?p_id=605230&amp;e_id=1355243\"><i class=\"fa fa-bar-chart \"><\/i> Estad\u00edsticas<\/a>    <\/div>\r\n    <button class=\"btn btn-light\" data-dismiss=\"modal\"\r\n        aria-hidden=\"true\">Cerrar<\/button>\r\n<\/div>","dialog_id":"tp-round-games","send_ajax":1,"url_ajax":"\/tournaments\/1354023-ii-liga-villacarrillo-smashpadel\/events\/1355243\/rounds\/1360880\/standings\/showParticipantGames?finished=1&p_id=605230"}]}